{"id":11330,"date":"2020-11-10T15:34:18","date_gmt":"2020-11-10T15:34:18","guid":{"rendered":"https:\/\/icg-institut.de\/?p=11330"},"modified":"2020-11-10T17:50:51","modified_gmt":"2020-11-10T17:50:51","slug":"susanne-eickermann-riepe-frics-neue-vorstandsvorsitzende-des-icg","status":"publish","type":"post","link":"https:\/\/icg-institut.de\/de\/susanne-eickermann-riepe-frics-neue-vorstandsvorsitzende-des-icg\/","title":{"rendered":"Susanne-Eickermann-Riepe FRICS neue Vorstandsvorsitzende des ICG"},"content":{"rendered":"\n\n[et_pb_section fb_built=&#8220;1&#8243; admin_label=&#8220;section&#8220; _builder_version=&#8220;3.22&#8243; hover_enabled=&#8220;0&#8243;][et_pb_row admin_label=&#8220;row&#8220; _builder_version=&#8220;3.25&#8243; background_size=&#8220;initial&#8220; background_position=&#8220;top_left&#8220; background_repeat=&#8220;repeat&#8220;][et_pb_column type=&#8220;4_4&#8243; _builder_version=&#8220;3.25&#8243; custom_padding=&#8220;|||&#8220; custom_padding__hover=&#8220;|||&#8220;][et_pb_text admin_label=&#8220;Text&#8220; _builder_version=&#8220;3.27.4&#8243; background_size=&#8220;initial&#8220; background_position=&#8220;top_left&#8220; background_repeat=&#8220;repeat&#8220;]<p><span style=\"font-size: 16px;\">Pressemitteilung<\/span><\/p>\n<p><!-- \/divi:paragraph --><\/p>\n<p><!-- divi:paragraph --><\/p>\n<p>Susanne-Eickermann-Riepe FRICS neue Vorstandsvorsitzende des ICG<\/p>\n<p><!-- \/divi:paragraph --><\/p>\n<p><em><!-- divi:paragraph --><\/em><\/p>\n<p><em>Das Institut f\u00fcr Corporate Governance in der deutschen Immobilienwirtschaft e.V. (ICG) hat seinen Vorstand neu gew\u00e4hlt. Thomas Zinn\u00f6cker, langj\u00e4hriger Vorstandsvorsitzender des Verbandes, hat den Staffelstab an Susanne Eickermann-Riepe weitergegeben.<\/em><\/p>\n<p><!-- \/divi:paragraph --><\/p>\n<p><!-- divi:paragraph --><\/p>\n<p>Die Mitglieder des ICG haben auf ihrer diesj\u00e4hrigen Mitgliederversammlung Susanne Eickermann-Riepe zur neuen Vorstandsvorsitzenden gew\u00e4hlt. Thomas Zinn\u00f6cker, der den Verband \u00fcber sechs Jahre lang f\u00fchrte, scheidet aus dem Vorstand aus, bleibt dem ICG aber als pers\u00f6nliches Mitglied erhalten.<\/p>\n<p>Susanne Eickermann-Riepe stellte ihre Strategie f\u00fcr die n\u00e4chste Dekade vor und erkl\u00e4rte:\u00a0<span style=\"font-size: 16px;\">\u201eWir werden uns besonders auf Ma\u00dfnahmen im Bereich Leadership, Stakeholder Value, Nachhaltigkeit, Good Governance, Klima &amp; Kompensation sowie Investieren mit Impact konzentrieren. Standards, Werte, Nachhaltigkeit \u2013 dieser Anspruch des ICG ist heute aktueller und wichtiger denn je.\u201c Sie erg\u00e4nzt: \u201eIch freue mich, diese Themen mit meinen Vorstandskollegen vor dem Hintergrund der anstehenden Ver\u00e4nderungen und der absehbaren Transformation weiter voranzutreiben!\u201c<\/span><\/p>\n<p>Hierzu geh\u00f6rt k\u00fcnftig auch Dr. Hans Volkert Volckens, Partner, Financial Services\/Head of Real Estate\/Head of Asset Management, KPMG AG Wirtschaftspr\u00fcfungsgesellschaft, der f\u00fcr Thomas Zinn\u00f6cker in den Vorstand kommt. Des Weiteren wurde Dr. Johannes Conradi zum stellvertretenden Vorstandsvorsitzenden ernannt und Timo Tschammler im Amt best\u00e4tigt.<\/p>\n<p align=\"JUSTIFY\"><span style=\"text-decoration: underline;\">Der Vorstand des ICG im \u00dcberblick:<\/span><br \/>Susanne Eickermann-Riepe FRICS (Vorstandsvorsitzende)<br \/>Dr. Johannes Conradi FRICS (stellv. Vorstandsvors.)<br \/>Werner Knips (stellv. Vorstandsvors.)<br \/>Manuela Better<br \/>Prof. Dr. Sven Bienert MRICS REV<br \/>Stefanie Frensch<br \/>Sandra Scholz<br \/>Prof. Dr. Winfried Schwatlo FRICS<br \/>Timo Tschammler FRICS<br \/>Dr. Hans Volkert Volckens<\/p>\n<p align=\"JUSTIFY\"><\/p>\n<p><strong style=\"font-size: 16px;\">Das ICG<\/strong><\/p>\n<p>Das ICG versteht sich als Think-and-Do-Tank. Es hat sich im Herbst 2002 mit dem Ziel konstituiert, Wettbewerbschancen der deutschen Immobilienbranche durch die Entwicklung sowie Um- und Durchsetzung<br \/>von Standards f\u00fcr nachhaltige, werteorientierte Unternehmensf\u00fchrung zu verbessern. Zur Umsetzung der Leitlinien und Standards organisiert das ICG regelm\u00e4\u00dfig Best Practice-Workshops, Arbeitsgruppen f\u00fcr Entscheider und veranstaltet j\u00e4hrlich das Jahresevent \u201eThe German Real Estate Summit\u201c. Mit den Seminaren der ICG Real Estate Board Academy soll zuk\u00fcnftigen und aktuellen Aufsichts- und Beir\u00e4ten das notwendige Know-how f\u00fcr verantwortungsvolles, erfolgreiches Handeln vermittelt werden.<\/p>\n<p><!-- \/divi:paragraph --><\/p>\n<p><!-- divi:paragraph --><\/p>\n<p><strong>Kontakt:<\/strong><br \/>Karin Barthelmes-Wehr<br \/>Gesch\u00e4ftsf\u00fchrerin<br \/>Institut f\u00fcr Corporate Governance in der deutschen Immobilienwirtschaft e.V.<br \/>Tel. +49 211 59 81 55 81<br \/>Fax: +49 211 59 81 55 82<br \/>Mobil\/Cell Phone: +49 170 4095 167<br \/>E-Mail: barthelmes@icg-institut.de<\/p>\n<p><!-- \/divi:paragraph --><\/p>\n<p><!-- divi:paragraph --><\/p>\n<p><strong>B\u00fcro Gesch\u00e4ftsstelle:<\/strong><br \/>Leipziger Platz 9<br \/>10117 Berlin<br \/>Tel. +49 30 202 1585 55<br \/>Fax: +49 30 202 1585 29<\/p>\n<p><!-- \/divi:paragraph --><\/p>[\/et_pb_text][\/et_pb_column][\/et_pb_row][\/et_pb_section]\n\n","protected":false},"excerpt":{"rendered":"<p>Pressemitteilung Susanne-Eickermann-Riepe FRICS neue Vorstandsvorsitzende des ICG Das Institut f\u00fcr Corporate Governance in der deutschen Immobilienwirtschaft e.V. (ICG) hat seinen Vorstand neu gew\u00e4hlt. Thomas Zinn\u00f6cker, langj\u00e4hriger Vorstandsvorsitzender des Verbandes, hat den Staffelstab an Susanne Eickermann-Riepe weitergegeben. Die Mitglieder des ICG haben auf ihrer diesj\u00e4hrigen Mitgliederversammlung Susanne Eickermann-Riepe zur neuen Vorstandsvorsitzenden gew\u00e4hlt. Thomas Zinn\u00f6cker, der den [&hellip;]<\/p>\n","protected":false},"author":6,"featured_media":9818,"comment_status":"open","ping_status":"open","sticky":false,"template":"","format":"standard","meta":{"_et_pb_use_builder":"on","_et_pb_old_content":"<!-- wp:paragraph -->\n<p><\/p>\n<!-- \/wp:paragraph -->\n\n<!-- wp:paragraph -->\n<p><\/p>\n<!-- \/wp:paragraph -->\n\n<!-- wp:paragraph -->\n<p>Pressemitteilung<\/p>\n<!-- \/wp:paragraph -->\n\n<!-- wp:paragraph -->\n<p>Frauenanteil in den Vorst\u00e4nden stagniert: ZIA und ICG fordern Umdenken<\/p>\n<!-- \/wp:paragraph -->\n\n<!-- wp:paragraph -->\n<p>Berlin, 15.04.2019 \u2013 Vor dem Hintergrund des in diesem Monat vorgestellten AllBright Berichts zum Anteil von Frauen in den Vorst\u00e4nden und Aufsichtsr\u00e4ten b\u00f6rsennotierter Unternehmen fordern der ZIA Zentraler Immobilien Ausschuss,Spitzenverband der Immobilienwirtschaft, und das ICG Institut f\u00fcr CorporateGovernance in der deutschen Immobilienwirtschaft ein Umdenken in der Branche. \u201eIn den vergangenen drei Jahren ist der Frauenanteil in den Aufsichtsr\u00e4ten grunds\u00e4tzlichgestiegen, das ist der richtige Weg\u201c, sagt B\u00e4rbel Schomberg, Vorsitzende des Ausschusses Diversity und Vizepr\u00e4sidentin des ZIA. \u201eDie Immobilienwirtschaft hinkt<br>jedoch weiterhin hinterher. Insbesondere beim Anteil weiblicher Vorst\u00e4nde, die vom Aufsichtsrat berufen werden, zeigt sich keinerlei Verbesserung. Hinzu kommt, dassviele Frauen laut Bericht in den Aufsichtsr\u00e4ten keinem Ausschuss angeh\u00f6ren, wo die Beschl\u00fcsse des Aufsichtsrates vorbereitet werden. Frauen werden so von den\u00f6konomischen \u2013 f\u00fcr die Zukunft der Unternehmen relevanten \u2013 Entscheidungen und der Unternehmensf\u00fchrung ferngehalten. Langfristig wirkt sich dies negativ auf die wirtschaftliche Performance eines Unternehmens aus.\u201c<\/p>\n<!-- \/wp:paragraph -->\n\n<!-- wp:paragraph -->\n<p>Der Bericht zeigt am Beispiel der Aareal Bank auch positive Beispiele auf, wie Frauenf\u00f6rderung funktionieren kann. So ist dort sowohl der Aufsichtsratsvorsitz als auch der Aufsichtsrat und der Vorstand insgesamt \u00fcberdurchschnittlich mit Frauen besetzt. Das Ziel, mehr Diversit\u00e4t in die Gremien der Branche zu bringen, verfolgt auch bereits seit einigen Jahren das ICG, welches mit dem ZIA kooperiert, \u00fcber entsprechende<br>Qualifizierungs- und F\u00f6rderma\u00dfnahmen \u2013 unter anderem mit dem Programm \u201eDiversity on Boards\u201c. \u201eEin professionelles Mentoring-Programm hilft dabei, Frauen nach vorne zu bringen\u201c, so Manuela Better, Vorst\u00e4ndin des ICG und der DekaBank. \u201eHierf\u00fcr braucht es jedoch auch die \u00dcberzeugung und den Willen in den Unternehmen 2 selbst, die Anzahl von Frauen in Aufsichts- und Beir\u00e4ten wie Gesch\u00e4ftsf\u00fchrungs- und Vorstandsgremien in der deutschen Immobilienwirtschaft deutlich zu erh\u00f6hen.\u201c<\/p>\n<!-- \/wp:paragraph -->\n\n<!-- wp:paragraph -->\n<p>Der ZIA und das ICG begr\u00fc\u00dfen dar\u00fcber hinaus die im Bericht aufgef\u00fchrten Handlungsempfehlungen, wodurch der Rekrutierungsprozess f\u00fcr die Vorst\u00e4nde weiter professionalisiert und der Frauenanteil in den Vorst\u00e4nden nachhaltig erh\u00f6ht werden kann. \u201eEin Instrument f\u00fcr mehr Frauenf\u00f6rderung kann auch sein, die bestehende F\u00fchrungsebene \u00fcber die Tantiemenregelung f\u00fcr die F\u00f6rderung der Frauen im eigenen Team zu verpflichten\u201c, schl\u00e4gt Schomberg vor. \u201eDie Festlegung einer \u201aZielgr\u00f6\u00dfe Null\u2018 f\u00fcr den Vorstand ist dagegen nicht mehr zeitgem\u00e4\u00df.<\/p>\n<!-- \/wp:paragraph -->\n\n<!-- wp:paragraph -->\n<p><\/p>\n<!-- \/wp:paragraph -->\n\n<!-- wp:paragraph -->\n<p><\/p>\n<!-- \/wp:paragraph -->\n\n<!-- wp:paragraph -->\n<p><\/p>\n<!-- \/wp:paragraph -->\n\n<!-- wp:paragraph -->\n<p><strong>Das ICG<\/strong><\/p>\n<!-- \/wp:paragraph -->\n\n<!-- wp:paragraph -->\n<p>Das ICG versteht sich als Think-and-Do-Tank. Es hat sich im Herbst 2002 mit dem Ziel konstituiert, Wettbewerbschancen der deutschen Immobilienbranche durch die Entwicklung sowie Um- und Durchsetzung<br>von Standards f\u00fcr nachhaltige, werteorientierte Unternehmensf\u00fchrung zu verbessern. Zur Umsetzung der Leitlinien und Standards organisiert das ICG regelm\u00e4\u00dfig Best Practice-Workshops, Arbeitsgruppen f\u00fcr Entscheider und veranstaltet j\u00e4hrlich das Jahresevent \u201eThe German Real Estate Summit\u201c. Mit den Seminaren der ICG Real Estate Board Academy soll zuk\u00fcnftigen und aktuellen Aufsichts- und Beir\u00e4ten das notwendige Know-how f\u00fcr verantwortungsvolles, erfolgreiches Handeln vermittelt werden.<\/p>\n<!-- \/wp:paragraph -->\n\n<!-- wp:paragraph -->\n<p><br><strong>Kontakt:<\/strong><br>Karin Barthelmes-Wehr<br>Gesch\u00e4ftsf\u00fchrerin<br>Institut f\u00fcr Corporate Governance in der deutschen Immobilienwirtschaft e.V.<br>Tel. +49 211 59 81 55 81<br>Fax: +49 211 59 81 55 82<br>Mobil\/Cell Phone: +49 170 4095 167<br>E-Mail: barthelmes@icg-institut.de<\/p>\n<!-- \/wp:paragraph -->\n\n<!-- wp:paragraph -->\n<p><br><strong>B\u00fcro Gesch\u00e4ftsstelle:<\/strong><br>Leipziger Platz 9<br>10117 Berlin<br>Tel. +49 30 202 1585 55<br>Fax: +49 30 202 1585 29<\/p>\n<!-- \/wp:paragraph -->","_et_gb_content_width":""},"categories":[20],"tags":[],"yoast_head":"<!-- This site is optimized with the Yoast SEO plugin v20.6 - https:\/\/yoast.com\/wordpress\/plugins\/seo\/ -->\n<title>Susanne-Eickermann-Riepe FRICS neue Vorstandsvorsitzende des ICG &ndash; Institut f\u00fcr Corporate Governance<\/title>\n<meta name=\"robots\" content=\"index, follow, max-snippet:-1, max-image-preview:large, max-video-preview:-1\" \/>\n<link rel=\"canonical\" href=\"https:\/\/icg-institut.de\/de\/susanne-eickermann-riepe-frics-neue-vorstandsvorsitzende-des-icg\/\" \/>\n<meta property=\"og:locale\" content=\"de_DE\" \/>\n<meta property=\"og:type\" content=\"article\" \/>\n<meta property=\"og:title\" content=\"Susanne-Eickermann-Riepe FRICS neue Vorstandsvorsitzende des ICG &ndash; Institut f\u00fcr Corporate Governance\" \/>\n<meta property=\"og:description\" content=\"Pressemitteilung Susanne-Eickermann-Riepe FRICS neue Vorstandsvorsitzende des ICG Das Institut f\u00fcr Corporate Governance in der deutschen Immobilienwirtschaft e.V. (ICG) hat seinen Vorstand neu gew\u00e4hlt. Thomas Zinn\u00f6cker, langj\u00e4hriger Vorstandsvorsitzender des Verbandes, hat den Staffelstab an Susanne Eickermann-Riepe weitergegeben. Die Mitglieder des ICG haben auf ihrer diesj\u00e4hrigen Mitgliederversammlung Susanne Eickermann-Riepe zur neuen Vorstandsvorsitzenden gew\u00e4hlt. Thomas Zinn\u00f6cker, der den [&hellip;]\" \/>\n<meta property=\"og:url\" content=\"https:\/\/icg-institut.de\/de\/susanne-eickermann-riepe-frics-neue-vorstandsvorsitzende-des-icg\/\" \/>\n<meta property=\"og:site_name\" content=\"Institut f\u00fcr Corporate Governance\" \/>\n<meta property=\"article:published_time\" content=\"2020-11-10T15:34:18+00:00\" \/>\n<meta property=\"article:modified_time\" content=\"2020-11-10T17:50:51+00:00\" \/>\n<meta property=\"og:image\" content=\"https:\/\/icg-institut.de\/wp-content\/uploads\/2019\/02\/iStock-1178774744.jpg\" \/>\n\t<meta property=\"og:image:width\" content=\"2121\" \/>\n\t<meta property=\"og:image:height\" content=\"1414\" \/>\n\t<meta property=\"og:image:type\" content=\"image\/jpeg\" \/>\n<meta name=\"author\" content=\"Barbara Busch\" \/>\n<meta name=\"twitter:card\" content=\"summary_large_image\" \/>\n<meta name=\"twitter:label1\" content=\"Verfasst von\" \/>\n\t<meta name=\"twitter:data1\" content=\"Barbara Busch\" \/>\n\t<meta name=\"twitter:label2\" content=\"Gesch\u00e4tzte Lesezeit\" \/>\n\t<meta name=\"twitter:data2\" content=\"2 Minuten\" \/>\n<script type=\"application\/ld+json\" class=\"yoast-schema-graph\">{\"@context\":\"https:\/\/schema.org\",\"@graph\":[{\"@type\":\"Article\",\"@id\":\"https:\/\/icg-institut.de\/de\/susanne-eickermann-riepe-frics-neue-vorstandsvorsitzende-des-icg\/#article\",\"isPartOf\":{\"@id\":\"https:\/\/icg-institut.de\/de\/susanne-eickermann-riepe-frics-neue-vorstandsvorsitzende-des-icg\/\"},\"author\":{\"name\":\"Barbara Busch\",\"@id\":\"https:\/\/icg-institut.de\/de\/#\/schema\/person\/3419ca6452c4f286ba6a89e78c61bab0\"},\"headline\":\"Susanne-Eickermann-Riepe FRICS neue Vorstandsvorsitzende des ICG\",\"datePublished\":\"2020-11-10T15:34:18+00:00\",\"dateModified\":\"2020-11-10T17:50:51+00:00\",\"mainEntityOfPage\":{\"@id\":\"https:\/\/icg-institut.de\/de\/susanne-eickermann-riepe-frics-neue-vorstandsvorsitzende-des-icg\/\"},\"wordCount\":452,\"commentCount\":0,\"publisher\":{\"@id\":\"https:\/\/icg-institut.de\/de\/#organization\"},\"articleSection\":[\"2020\"],\"inLanguage\":\"de-DE\",\"potentialAction\":[{\"@type\":\"CommentAction\",\"name\":\"Comment\",\"target\":[\"https:\/\/icg-institut.de\/de\/susanne-eickermann-riepe-frics-neue-vorstandsvorsitzende-des-icg\/#respond\"]}]},{\"@type\":\"WebPage\",\"@id\":\"https:\/\/icg-institut.de\/de\/susanne-eickermann-riepe-frics-neue-vorstandsvorsitzende-des-icg\/\",\"url\":\"https:\/\/icg-institut.de\/de\/susanne-eickermann-riepe-frics-neue-vorstandsvorsitzende-des-icg\/\",\"name\":\"Susanne-Eickermann-Riepe FRICS neue Vorstandsvorsitzende des ICG &ndash; Institut f\u00fcr Corporate Governance\",\"isPartOf\":{\"@id\":\"https:\/\/icg-institut.de\/de\/#website\"},\"datePublished\":\"2020-11-10T15:34:18+00:00\",\"dateModified\":\"2020-11-10T17:50:51+00:00\",\"breadcrumb\":{\"@id\":\"https:\/\/icg-institut.de\/de\/susanne-eickermann-riepe-frics-neue-vorstandsvorsitzende-des-icg\/#breadcrumb\"},\"inLanguage\":\"de-DE\",\"potentialAction\":[{\"@type\":\"ReadAction\",\"target\":[\"https:\/\/icg-institut.de\/de\/susanne-eickermann-riepe-frics-neue-vorstandsvorsitzende-des-icg\/\"]}]},{\"@type\":\"BreadcrumbList\",\"@id\":\"https:\/\/icg-institut.de\/de\/susanne-eickermann-riepe-frics-neue-vorstandsvorsitzende-des-icg\/#breadcrumb\",\"itemListElement\":[{\"@type\":\"ListItem\",\"position\":1,\"name\":\"Startseite\",\"item\":\"https:\/\/icg-institut.de\/de\/\"},{\"@type\":\"ListItem\",\"position\":2,\"name\":\"Susanne-Eickermann-Riepe FRICS neue Vorstandsvorsitzende des ICG\"}]},{\"@type\":\"WebSite\",\"@id\":\"https:\/\/icg-institut.de\/de\/#website\",\"url\":\"https:\/\/icg-institut.de\/de\/\",\"name\":\"Institut f\u00fcr Corporate Governance\",\"description\":\"Das ICG ist der f\u00fchrende Think und Do-Tank der Immobilienbranche f\u00fcr gute Governance.\",\"publisher\":{\"@id\":\"https:\/\/icg-institut.de\/de\/#organization\"},\"potentialAction\":[{\"@type\":\"SearchAction\",\"target\":{\"@type\":\"EntryPoint\",\"urlTemplate\":\"https:\/\/icg-institut.de\/de\/?s={search_term_string}\"},\"query-input\":\"required name=search_term_string\"}],\"inLanguage\":\"de-DE\"},{\"@type\":\"Organization\",\"@id\":\"https:\/\/icg-institut.de\/de\/#organization\",\"name\":\"ICG Institut\",\"url\":\"https:\/\/icg-institut.de\/de\/\",\"logo\":{\"@type\":\"ImageObject\",\"inLanguage\":\"de-DE\",\"@id\":\"https:\/\/icg-institut.de\/de\/#\/schema\/logo\/image\/\",\"url\":\"https:\/\/icg-institut.de\/wp-content\/uploads\/2020\/10\/Logo_ICG_short_4c_transp.png\",\"contentUrl\":\"https:\/\/icg-institut.de\/wp-content\/uploads\/2020\/10\/Logo_ICG_short_4c_transp.png\",\"width\":6123,\"height\":1987,\"caption\":\"ICG Institut\"},\"image\":{\"@id\":\"https:\/\/icg-institut.de\/de\/#\/schema\/logo\/image\/\"}},{\"@type\":\"Person\",\"@id\":\"https:\/\/icg-institut.de\/de\/#\/schema\/person\/3419ca6452c4f286ba6a89e78c61bab0\",\"name\":\"Barbara Busch\",\"url\":\"https:\/\/icg-institut.de\/de\/author\/barbarabusch\/\"}]}<\/script>\n<!-- \/ Yoast SEO plugin. -->","yoast_head_json":{"title":"Susanne-Eickermann-Riepe FRICS neue Vorstandsvorsitzende des ICG &ndash; Institut f\u00fcr Corporate Governance","robots":{"index":"index","follow":"follow","max-snippet":"max-snippet:-1","max-image-preview":"max-image-preview:large","max-video-preview":"max-video-preview:-1"},"canonical":"https:\/\/icg-institut.de\/de\/susanne-eickermann-riepe-frics-neue-vorstandsvorsitzende-des-icg\/","og_locale":"de_DE","og_type":"article","og_title":"Susanne-Eickermann-Riepe FRICS neue Vorstandsvorsitzende des ICG &ndash; Institut f\u00fcr Corporate Governance","og_description":"Pressemitteilung Susanne-Eickermann-Riepe FRICS neue Vorstandsvorsitzende des ICG Das Institut f\u00fcr Corporate Governance in der deutschen Immobilienwirtschaft e.V. (ICG) hat seinen Vorstand neu gew\u00e4hlt. Thomas Zinn\u00f6cker, langj\u00e4hriger Vorstandsvorsitzender des Verbandes, hat den Staffelstab an Susanne Eickermann-Riepe weitergegeben. Die Mitglieder des ICG haben auf ihrer diesj\u00e4hrigen Mitgliederversammlung Susanne Eickermann-Riepe zur neuen Vorstandsvorsitzenden gew\u00e4hlt. Thomas Zinn\u00f6cker, der den [&hellip;]","og_url":"https:\/\/icg-institut.de\/de\/susanne-eickermann-riepe-frics-neue-vorstandsvorsitzende-des-icg\/","og_site_name":"Institut f\u00fcr Corporate Governance","article_published_time":"2020-11-10T15:34:18+00:00","article_modified_time":"2020-11-10T17:50:51+00:00","og_image":[{"width":2121,"height":1414,"url":"https:\/\/icg-institut.de\/wp-content\/uploads\/2019\/02\/iStock-1178774744.jpg","type":"image\/jpeg"}],"author":"Barbara Busch","twitter_card":"summary_large_image","twitter_misc":{"Verfasst von":"Barbara Busch","Gesch\u00e4tzte Lesezeit":"2 Minuten"},"schema":{"@context":"https:\/\/schema.org","@graph":[{"@type":"Article","@id":"https:\/\/icg-institut.de\/de\/susanne-eickermann-riepe-frics-neue-vorstandsvorsitzende-des-icg\/#article","isPartOf":{"@id":"https:\/\/icg-institut.de\/de\/susanne-eickermann-riepe-frics-neue-vorstandsvorsitzende-des-icg\/"},"author":{"name":"Barbara Busch","@id":"https:\/\/icg-institut.de\/de\/#\/schema\/person\/3419ca6452c4f286ba6a89e78c61bab0"},"headline":"Susanne-Eickermann-Riepe FRICS neue Vorstandsvorsitzende des ICG","datePublished":"2020-11-10T15:34:18+00:00","dateModified":"2020-11-10T17:50:51+00:00","mainEntityOfPage":{"@id":"https:\/\/icg-institut.de\/de\/susanne-eickermann-riepe-frics-neue-vorstandsvorsitzende-des-icg\/"},"wordCount":452,"commentCount":0,"publisher":{"@id":"https:\/\/icg-institut.de\/de\/#organization"},"articleSection":["2020"],"inLanguage":"de-DE","potentialAction":[{"@type":"CommentAction","name":"Comment","target":["https:\/\/icg-institut.de\/de\/susanne-eickermann-riepe-frics-neue-vorstandsvorsitzende-des-icg\/#respond"]}]},{"@type":"WebPage","@id":"https:\/\/icg-institut.de\/de\/susanne-eickermann-riepe-frics-neue-vorstandsvorsitzende-des-icg\/","url":"https:\/\/icg-institut.de\/de\/susanne-eickermann-riepe-frics-neue-vorstandsvorsitzende-des-icg\/","name":"Susanne-Eickermann-Riepe FRICS neue Vorstandsvorsitzende des ICG &ndash; Institut f\u00fcr Corporate Governance","isPartOf":{"@id":"https:\/\/icg-institut.de\/de\/#website"},"datePublished":"2020-11-10T15:34:18+00:00","dateModified":"2020-11-10T17:50:51+00:00","breadcrumb":{"@id":"https:\/\/icg-institut.de\/de\/susanne-eickermann-riepe-frics-neue-vorstandsvorsitzende-des-icg\/#breadcrumb"},"inLanguage":"de-DE","potentialAction":[{"@type":"ReadAction","target":["https:\/\/icg-institut.de\/de\/susanne-eickermann-riepe-frics-neue-vorstandsvorsitzende-des-icg\/"]}]},{"@type":"BreadcrumbList","@id":"https:\/\/icg-institut.de\/de\/susanne-eickermann-riepe-frics-neue-vorstandsvorsitzende-des-icg\/#breadcrumb","itemListElement":[{"@type":"ListItem","position":1,"name":"Startseite","item":"https:\/\/icg-institut.de\/de\/"},{"@type":"ListItem","position":2,"name":"Susanne-Eickermann-Riepe FRICS neue Vorstandsvorsitzende des ICG"}]},{"@type":"WebSite","@id":"https:\/\/icg-institut.de\/de\/#website","url":"https:\/\/icg-institut.de\/de\/","name":"Institut f\u00fcr Corporate Governance","description":"Das ICG ist der f\u00fchrende Think und Do-Tank der Immobilienbranche f\u00fcr gute Governance.","publisher":{"@id":"https:\/\/icg-institut.de\/de\/#organization"},"potentialAction":[{"@type":"SearchAction","target":{"@type":"EntryPoint","urlTemplate":"https:\/\/icg-institut.de\/de\/?s={search_term_string}"},"query-input":"required name=search_term_string"}],"inLanguage":"de-DE"},{"@type":"Organization","@id":"https:\/\/icg-institut.de\/de\/#organization","name":"ICG Institut","url":"https:\/\/icg-institut.de\/de\/","logo":{"@type":"ImageObject","inLanguage":"de-DE","@id":"https:\/\/icg-institut.de\/de\/#\/schema\/logo\/image\/","url":"https:\/\/icg-institut.de\/wp-content\/uploads\/2020\/10\/Logo_ICG_short_4c_transp.png","contentUrl":"https:\/\/icg-institut.de\/wp-content\/uploads\/2020\/10\/Logo_ICG_short_4c_transp.png","width":6123,"height":1987,"caption":"ICG Institut"},"image":{"@id":"https:\/\/icg-institut.de\/de\/#\/schema\/logo\/image\/"}},{"@type":"Person","@id":"https:\/\/icg-institut.de\/de\/#\/schema\/person\/3419ca6452c4f286ba6a89e78c61bab0","name":"Barbara Busch","url":"https:\/\/icg-institut.de\/de\/author\/barbarabusch\/"}]}},"_links":{"self":[{"href":"https:\/\/icg-institut.de\/de\/wp-json\/wp\/v2\/posts\/11330"}],"collection":[{"href":"https:\/\/icg-institut.de\/de\/wp-json\/wp\/v2\/posts"}],"about":[{"href":"https:\/\/icg-institut.de\/de\/wp-json\/wp\/v2\/types\/post"}],"author":[{"embeddable":true,"href":"https:\/\/icg-institut.de\/de\/wp-json\/wp\/v2\/users\/6"}],"replies":[{"embeddable":true,"href":"https:\/\/icg-institut.de\/de\/wp-json\/wp\/v2\/comments?post=11330"}],"version-history":[{"count":0,"href":"https:\/\/icg-institut.de\/de\/wp-json\/wp\/v2\/posts\/11330\/revisions"}],"wp:featuredmedia":[{"embeddable":true,"href":"https:\/\/icg-institut.de\/de\/wp-json\/wp\/v2\/media\/9818"}],"wp:attachment":[{"href":"https:\/\/icg-institut.de\/de\/wp-json\/wp\/v2\/media?parent=11330"}],"wp:term":[{"taxonomy":"category","embeddable":true,"href":"https:\/\/icg-institut.de\/de\/wp-json\/wp\/v2\/categories?post=11330"},{"taxonomy":"post_tag","embeddable":true,"href":"https:\/\/icg-institut.de\/de\/wp-json\/wp\/v2\/tags?post=11330"}],"curies":[{"name":"wp","href":"https:\/\/api.w.org\/{rel}","templated":true}]}}